{"id":11509,"date":"2025-05-12T12:00:27","date_gmt":"2025-05-12T11:00:27","guid":{"rendered":"https:\/\/www.rodrigoleao.pt\/?p=11509"},"modified":"2025-05-12T12:00:27","modified_gmt":"2025-05-12T11:00:27","slug":"rodrigo-leao-performs-o-rapaz-da-montanha-live-at-the-coliseu-de-lisboa-and-coliseu-do-porto","status":"publish","type":"post","link":"https:\/\/www.rodrigoleao.pt\/en\/rodrigo-leao-performs-o-rapaz-da-montanha-live-at-the-coliseu-de-lisboa-and-coliseu-do-porto\/","title":{"rendered":"RODRIGO LE\u00c3O performs \u2018O Rapaz da Montanha\u2019 live at the Coliseu de Lisboa and Coliseu do Porto"},"content":{"rendered":"<p>Rodrigo Le\u00e3o returns to the big stage with his new album O Rapaz da Montanha, recently released by Galileo Music on 25 April. Regarded as the most Portuguese work of his career, the album offers an intimate and collective portrait of the country, in which emotion, words and memory intersect. With arrangements characterised by expressive choirs, a strong percussive presence and lyrics that tackle topics such as oppression, identity and hope, Rodrigo Le\u00e3o once again signs a work of great artistic maturity.Rodrigo Le\u00e3o&#8217;s career is inseparable from the recent history of Portuguese music. After being a member of S\u00e9tima Legi\u00e3o and Madredeus, he began a solo career in 1993 that included collaborations with artists such as Ryuichi Sakamoto and Beth Gibbons. Thirty-two years on from the start of that journey, he is now presenting an album inspired by a phrase from writer Ana Carolina Costa &#8211; \u2018If God forgives those who deceive, who forgives God?\u2019 &#8211; which embodies the theme Cadeira Preta.<\/p>\n<p>Rapaz da Montanha features musicians and long-time friends such as Pedro Oliveira and Gabriel Gomes, as well as special guests including Jos\u00e9 Peixoto, Carlos Poeiras and Francisco Palma. The composer&#8217;s family also has a significant presence in this work, with contributions from Ana Carolina Costa and his children, reinforcing the intimate and collective nature of the disc.<\/p>\n<p>Produced by Rodrigo Le\u00e3o, Jo\u00e3o Eleut\u00e9rio and Pedro Oliveira, this is an album made up of deep emotions, living memory and persistent hope. The concerts at the Coliseums in Lisbon and Porto promise to be special moments of sharing and celebration of this new stage in the composer&#8217;s career.<\/p>\n<p>In Lisbon, at the Coliseu dos Recreios on 19 December, and on 1 February 2026 at the Coliseu do Porto, O Rapaz da Montanha live.<\/p>\n<p>An intimate and collective return to his roots, where Rodrigo Le\u00e3o&#8217;s music becomes common ground &#8211; between memory and the future, between silence and celebration.<\/p>\n<p>&nbsp;<\/p>\n","protected":false},"excerpt":{"rendered":"<p>Rodrigo Le\u00e3o returns to the big stage with his new album O Rapaz da Montanha, recently released by Galileo Music on 25 April. Regarded as the most Portuguese work of his career, the album offers an intimate and collective portrait of the country, in which emotion, words and memory intersect. With arrangements characterised by expressive [&hellip;]<\/p>\n","protected":false},"author":5,"featured_media":12550,"comment_status":"open","ping_status":"open","sticky":false,"template":"","format":"standard","meta":[],"categories":[2],"tags":[],"_links":{"self":[{"href":"https:\/\/www.rodrigoleao.pt\/en\/wp-json\/wp\/v2\/posts\/11509"}],"collection":[{"href":"https:\/\/www.rodrigoleao.pt\/en\/wp-json\/wp\/v2\/posts"}],"about":[{"href":"https:\/\/www.rodrigoleao.pt\/en\/wp-json\/wp\/v2\/types\/post"}],"author":[{"embeddable":true,"href":"https:\/\/www.rodrigoleao.pt\/en\/wp-json\/wp\/v2\/users\/5"}],"replies":[{"embeddable":true,"href":"https:\/\/www.rodrigoleao.pt\/en\/wp-json\/wp\/v2\/comments?post=11509"}],"version-history":[{"count":1,"href":"https:\/\/www.rodrigoleao.pt\/en\/wp-json\/wp\/v2\/posts\/11509\/revisions"}],"predecessor-version":[{"id":11510,"href":"https:\/\/www.rodrigoleao.pt\/en\/wp-json\/wp\/v2\/posts\/11509\/revisions\/11510"}],"wp:featuredmedia":[{"embeddable":true,"href":"https:\/\/www.rodrigoleao.pt\/en\/wp-json\/wp\/v2\/media\/12550"}],"wp:attachment":[{"href":"https:\/\/www.rodrigoleao.pt\/en\/wp-json\/wp\/v2\/media?parent=11509"}],"wp:term":[{"taxonomy":"category","embeddable":true,"href":"https:\/\/www.rodrigoleao.pt\/en\/wp-json\/wp\/v2\/categories?post=11509"},{"taxonomy":"post_tag","embeddable":true,"href":"https:\/\/www.rodrigoleao.pt\/en\/wp-json\/wp\/v2\/tags?post=11509"}],"curies":[{"name":"wp","href":"https:\/\/api.w.org\/{rel}","templated":true}]}}